{"id":799,"date":"2024-11-29T10:59:52","date_gmt":"2024-11-29T10:59:52","guid":{"rendered":"https:\/\/valstybeje.lt\/?p=799"},"modified":"2024-11-29T10:59:52","modified_gmt":"2024-11-29T10:59:52","slug":"markas-zuckerbergas-pietauja-su-donaldu-trumpu-signalizuoja-apie-nacionalini-atsinaujinima","status":"publish","type":"post","link":"https:\/\/valstybeje.lt\/?p=799","title":{"rendered":"Markas Zuckerbergas pietauja su Donaldu Trumpu, signalizuoja apie \u201enacionalin\u012f atsinaujinim\u0105\u201c"},"content":{"rendered":"<p> <br \/>\n<\/p>\n<div>\n<div class=\"td-post-featured-image\"><\/div>\n<p>Markas Zuckerbergas, Meta generalinis direktorius, susitiko su i\u0161rinktuoju prezidentu Donaldu Trumpu per priva\u010di\u0105 vakarien\u0119 Mar-a-Lago ir pa\u017eym\u0117jo steb\u0117tin\u0105 pos\u016bk\u012f j\u0173 santykiuose, pra\u0117jus beveik ketveriems metams po to, kai Trumpui buvo u\u017edrausta naudotis \u201eFacebook\u201c po 2020 m. Kapitolijaus riau\u0161i\u0173.<\/p>\n<p>Kaip teigia i\u0161rinktojo prezidento vyresnysis patar\u0117jas Stephenas Milleris, Zuckerbergas i\u0161rei\u0161k\u0117 param\u0105 Trumpo \u201enacionalinio atsinaujinimo\u201c vizijai. \u201eMarkas Zuckerbergas supranta, kad prezidentas Trumpas yra poky\u010di\u0173 ir klest\u0117jimo agentas\u201c, \u2013 Fox News sak\u0117 Milleris ir prid\u016br\u0117, kad technologij\u0173 lyderis yra suinteresuotas tapti reform\u0173 jud\u0117jimo, kur\u012f Trumpas teigia, dalimi.<\/p>\n<p>Susitikimas \u012fvyko po ilgus metus trukusios \u012ftampos, kai D. Trumpas anks\u010diau apkaltino Zuckerberg\u0105 ir Met\u0105 darant \u012ftak\u0105 rinkimams ir grasinant teisiniais veiksmais socialini\u0173 tinkl\u0173 mil\u017einei. \u201eFacebook\u201c 2021 m. saus\u012f u\u017edraud\u0117 Trump\u0105 d\u0117l smurto kurstymo, bet atk\u016br\u0117 jo paskyr\u0105 po dvej\u0173 met\u0173 sustabdymo.<\/p>\n<p>Zuckerbergas neseniai gyr\u0117 Trump\u0105, ypa\u010d gyr\u0117 jo reakcij\u0105 \u012f tariam\u0105 pasik\u0117sinim\u0105 nu\u017eudyti anks\u010diau \u0161iais metais. \u201eMatyti, kaip Donaldas Trumpas atsistoja po to, kai buvo nu\u0161autas, ir pumpuoja kum\u0161t\u012f \u012f or\u0105 su Amerikos v\u0117liava, yra vienas bjauriausi\u0173 dalyk\u0173, kuriuos a\u0161 kada nors ma\u010diau\u201c, \u2013 liep\u0105 sak\u0117 Zuckerbergas.<\/p>\n<p>Vakarien\u0117 Mar-a-Lago pabr\u0117\u017eia kintan\u010di\u0105 dinamik\u0105 tarp Silicio sl\u0117nio ir i\u0161rinktojo prezidento. Kiti technologij\u0173 lyderiai, \u012fskaitant Jeff\u0105 Bezos\u0105, Tim\u0105 Cook\u0105 ir Sundar\u0105 Pichai, sveikino Trump\u0105, o Elonas Muskas tapo vienu garsiausi\u0173 jo r\u0117m\u0117j\u0173, naudodamas savo platform\u0105 X Trumpui reklamuoti ir pasisakydamas u\u017e vyriausyb\u0117s biud\u017eeto ma\u017einim\u0105 jo administracijoje.<\/p>\n<p>Naujai atrastas Trumpo ir auk\u0161\u010diausi\u0173 technologij\u0173 vadov\u0173 susilyginimas rodo potencialiai permainingus santykius, kai i\u0161rinktasis prezidentas ruo\u0161iasi eiti pareigas.<\/p>\n<h3><strong>Susij\u0119 skaitiniai:<\/strong><\/h3>\n<p><img loading=\"lazy\" decoding=\"async\" class=\"alignleft wp-image-198558\" src=\"https:\/\/www.europeanbusinessreview.com\/wp-content\/uploads\/2023\/12\/iStock-1353816577.jpg\" alt=\"Mobilusis ekranas su Facebook, WhatsApp ir Instagram program\u0117li\u0173 logotipu rankoje prie\u0161 nery\u0161k\u0173 META logotip\u0105 baltame monitoriuje\" width=\"75\" height=\"50\" srcset=\"https:\/\/www.europeanbusinessreview.com\/wp-content\/uploads\/2023\/12\/iStock-1353816577.jpg 724w, https:\/\/www.europeanbusinessreview.com\/wp-content\/uploads\/2023\/12\/iStock-1353816577-300x200.jpg 300w, https:\/\/www.europeanbusinessreview.com\/wp-content\/uploads\/2023\/12\/iStock-1353816577-696x464.jpg 696w, https:\/\/www.europeanbusinessreview.com\/wp-content\/uploads\/2023\/12\/iStock-1353816577-630x420.jpg 630w, https:\/\/www.europeanbusinessreview.com\/wp-content\/uploads\/2023\/12\/iStock-1353816577-600x400.jpg 600w\" sizes=\"auto, (max-width: 75px) 100vw, 75px\"\/><\/p>\n<h3><strong><img loading=\"lazy\" decoding=\"async\" class=\"alignleft wp-image-218248\" src=\"https:\/\/www.europeanbusinessreview.com\/wp-content\/uploads\/2024\/11\/Global-Trade-Uncertainty-Looms-over-Trumps-Tariff-Threats-300x225.png\" alt=\"Pasaulin\u0117s prekybos neapibr\u0117\u017etumas kyla d\u0117l Trumpo grasinim\u0173 tarifais\" width=\"75\" height=\"56\" srcset=\"https:\/\/www.europeanbusinessreview.com\/wp-content\/uploads\/2024\/11\/Global-Trade-Uncertainty-Looms-over-Trumps-Tariff-Threats-300x225.png 300w, https:\/\/www.europeanbusinessreview.com\/wp-content\/uploads\/2024\/11\/Global-Trade-Uncertainty-Looms-over-Trumps-Tariff-Threats-768x576.png 768w, https:\/\/www.europeanbusinessreview.com\/wp-content\/uploads\/2024\/11\/Global-Trade-Uncertainty-Looms-over-Trumps-Tariff-Threats-560x420.png 560w, https:\/\/www.europeanbusinessreview.com\/wp-content\/uploads\/2024\/11\/Global-Trade-Uncertainty-Looms-over-Trumps-Tariff-Threats-80x60.png 80w, https:\/\/www.europeanbusinessreview.com\/wp-content\/uploads\/2024\/11\/Global-Trade-Uncertainty-Looms-over-Trumps-Tariff-Threats-696x522.png 696w, https:\/\/www.europeanbusinessreview.com\/wp-content\/uploads\/2024\/11\/Global-Trade-Uncertainty-Looms-over-Trumps-Tariff-Threats-265x198.png 265w, https:\/\/www.europeanbusinessreview.com\/wp-content\/uploads\/2024\/11\/Global-Trade-Uncertainty-Looms-over-Trumps-Tariff-Threats-600x450.png 600w, https:\/\/www.europeanbusinessreview.com\/wp-content\/uploads\/2024\/11\/Global-Trade-Uncertainty-Looms-over-Trumps-Tariff-Threats.png 800w\" sizes=\"auto, (max-width: 75px) 100vw, 75px\"\/><\/strong><\/h3>\n<h3><strong><img loading=\"lazy\" decoding=\"async\" class=\"alignleft wp-image-218180\" src=\"https:\/\/www.europeanbusinessreview.com\/wp-content\/uploads\/2024\/11\/social-media-amplifier-300x225.jpg\" alt=\"socialin\u0117s \u017einiasklaidos stiprintuvas\" width=\"75\" height=\"56\" srcset=\"https:\/\/www.europeanbusinessreview.com\/wp-content\/uploads\/2024\/11\/social-media-amplifier-300x225.jpg 300w, https:\/\/www.europeanbusinessreview.com\/wp-content\/uploads\/2024\/11\/social-media-amplifier-768x576.jpg 768w, https:\/\/www.europeanbusinessreview.com\/wp-content\/uploads\/2024\/11\/social-media-amplifier-560x420.jpg 560w, https:\/\/www.europeanbusinessreview.com\/wp-content\/uploads\/2024\/11\/social-media-amplifier-80x60.jpg 80w, https:\/\/www.europeanbusinessreview.com\/wp-content\/uploads\/2024\/11\/social-media-amplifier-696x522.jpg 696w, https:\/\/www.europeanbusinessreview.com\/wp-content\/uploads\/2024\/11\/social-media-amplifier-265x198.jpg 265w, https:\/\/www.europeanbusinessreview.com\/wp-content\/uploads\/2024\/11\/social-media-amplifier-600x450.jpg 600w, https:\/\/www.europeanbusinessreview.com\/wp-content\/uploads\/2024\/11\/social-media-amplifier.jpg 800w\" sizes=\"auto, (max-width: 75px) 100vw, 75px\"\/><\/strong><\/h3>\n<h3><span style=\"color: #222222; font-family: Verdana, BlinkMacSystemFont, -apple-system, 'Segoe UI', Roboto, Oxygen, Ubuntu, Cantarell, 'Open Sans', 'Helvetica Neue', sans-serif; font-size: 15px;\"\/><\/h3>\n<\/p><\/div>\n<p><br \/>\n<br \/><a href=\"https:\/\/www.europeanbusinessreview.com\/mark-zuckerberg-dines-with-donald-trump-signals-support-for-national-renewal\/\">Source link <\/a><\/p>\n","protected":false},"excerpt":{"rendered":"<p>Markas Zuckerbergas, Meta generalinis direktorius, susitiko su i\u0161rinktuoju prezidentu Donaldu Trumpu per priva\u010di\u0105 vakarien\u0119 Mar-a-Lago ir pa\u017eym\u0117jo steb\u0117tin\u0105 pos\u016bk\u012f j\u0173 santykiuose, pra\u0117jus beveik ketveriems metams [&hellip;]<\/p>\n","protected":false},"author":1,"featured_media":800,"comment_status":"","ping_status":"","sticky":false,"template":"","format":"standard","meta":{"om_disable_all_campaigns":false,"_monsterinsights_skip_tracking":false,"_monsterinsights_sitenote_active":false,"_monsterinsights_sitenote_note":"","_monsterinsights_sitenote_category":0,"footnotes":""},"categories":[200],"tags":[615,2313,2309,76,2312,2308,2311,2310,2307],"class_list":["post-799","post","type-post","status-publish","format-standard","has-post-thumbnail","hentry","category-verslas-pasaulyje","tag-apie","tag-atsinaujinima","tag-donaldu","tag-markas","tag-nacionalini","tag-pietauja","tag-signalizuoja","tag-trumpu","tag-zuckerbergas"],"aioseo_notices":[],"_links":{"self":[{"href":"https:\/\/valstybeje.lt\/index.php?rest_route=\/wp\/v2\/posts\/799","targetHints":{"allow":["GET"]}}],"collection":[{"href":"https:\/\/valstybeje.lt\/index.php?rest_route=\/wp\/v2\/posts"}],"about":[{"href":"https:\/\/valstybeje.lt\/index.php?rest_route=\/wp\/v2\/types\/post"}],"author":[{"embeddable":true,"href":"https:\/\/valstybeje.lt\/index.php?rest_route=\/wp\/v2\/users\/1"}],"replies":[{"embeddable":true,"href":"https:\/\/valstybeje.lt\/index.php?rest_route=%2Fwp%2Fv2%2Fcomments&post=799"}],"version-history":[{"count":0,"href":"https:\/\/valstybeje.lt\/index.php?rest_route=\/wp\/v2\/posts\/799\/revisions"}],"wp:featuredmedia":[{"embeddable":true,"href":"https:\/\/valstybeje.lt\/index.php?rest_route=\/wp\/v2\/media\/800"}],"wp:attachment":[{"href":"https:\/\/valstybeje.lt\/index.php?rest_route=%2Fwp%2Fv2%2Fmedia&parent=799"}],"wp:term":[{"taxonomy":"category","embeddable":true,"href":"https:\/\/valstybeje.lt\/index.php?rest_route=%2Fwp%2Fv2%2Fcategories&post=799"},{"taxonomy":"post_tag","embeddable":true,"href":"https:\/\/valstybeje.lt\/index.php?rest_route=%2Fwp%2Fv2%2Ftags&post=799"}],"curies":[{"name":"wp","href":"https:\/\/api.w.org\/{rel}","templated":true}]}}