{"id":504,"date":"2024-11-13T14:58:15","date_gmt":"2024-11-13T14:58:15","guid":{"rendered":"https:\/\/valstybeje.lt\/?p=504"},"modified":"2024-11-13T14:58:15","modified_gmt":"2024-11-13T14:58:15","slug":"d-grybauskaite-socialdemokratu-formuojama-koalicija-daro-nepataisoma-reputacine-zala","status":"publish","type":"post","link":"https:\/\/valstybeje.lt\/?p=504","title":{"rendered":"D. Grybauskait\u0117: socialdemokrat\u0173 formuojama koalicija daro nepataisom\u0105 reputacin\u0119 \u017eal\u0105"},"content":{"rendered":"<p> <br \/>\n<\/p>\n<div>\n<p><strong>Kadencij\u0105 baigusi prezident\u0117 Dalia Grybauskait\u0117 sako, kad i\u0161 socialdemokrat\u0173, demokrat\u0173 ir partijos \u201eNemuno au\u0161ra\u201c formuojama valdan\u010dioji koalicija daro nepataisom\u0105 reputacin\u0119 \u017eal\u0105.<\/strong><\/p>\n<blockquote>\n<p>\u201eAr tikrai socialdemokratai sutinka b\u016bti \u012ftraukti \u012f tokias vald\u017eios formavimo pinkles? Tokia koalicija jau daro nepataisom\u0105 reputacin\u0119 \u017eal\u0105 m\u016bs\u0173 partneri\u0173 ES ir NATO akyse\u201c, \u2013 pirmadien\u012f feisbuke ra\u0161\u0117 D. Grybauskait\u0117.<\/p>\n<p>\u201eVisada vertinau Socialdemokrat\u0173 partij\u0105 kaip i\u0161 esm\u0117s atsaking\u0173 politik\u0173 partij\u0105. Deja, \u0161iuo metu formuojam\u0105 koalicij\u0105 negaliu vertinti kitaip tik kaip kremlinio dvoko koalicij\u0105 su fa\u0161istuojan\u010di\u0173 rudmar\u0161kini\u0173 prieskoniu\u201c, \u2013 teig\u0117 ji.<\/p>\n<\/blockquote>\n<p>Taip D. Grybauskait\u0117 teig\u0117 po to, kai pra\u0117jus\u012f \u0161e\u0161tadien\u012f Lietuvos socialdemokrat\u0173 partijos (LSDP) taryba galutinai pritar\u0117 darbui valdan\u010diojoje daugumoje su demokratais ir \u201eNemuno au\u0161ra\u201c. Pirmadien\u012f su \u0161iomis partijomis ketinama pasira\u0161yti koalicijos sutart\u012f.<\/p>\n<p>Pasak D. Grybauskait\u0117s, valstyb\u0117s interesai ir Lietuvos saugumas dabartin\u0117je geopolitin\u0117je aplinkoje turi b\u016bti pagrindiniai argumentai formuojant valdan\u010di\u0105j\u0105 koalicij\u0105.<\/p>\n<blockquote>\n<p>\u201eIr t\u0173 pasirinkim\u0173 yra net keli. Dar neprad\u0117jus dirbti neverskite savo \u012fsp\u016bdingos pergal\u0117s rinkimuose pelenais\u201c, \u2013 ra\u0161\u0117 kadencij\u0105 baigusi prezident\u0117.<\/p>\n<\/blockquote>\n<p>Savaitgal\u012f paskelbus apie koalicij\u0105, politikai i\u0161 Izraelio, Jungtini\u0173 Valstij\u0173 ir Vokietijos i\u0161rei\u0161k\u0117 nerim\u0105 d\u0117l socdem\u0173 sprendimo eiti \u012f koalicij\u0105 su \u201eau\u0161rie\u010diais\u201c.<\/p>\n<p>D\u0117l \u201eNemuno au\u0161ros\u201c plan\u0173 dirbti koalicijoje aktyvistai kit\u0105 ketvirtadien\u012f \u2013 pirm\u0105j\u0105 naujos kadencijos parlamento darbo dien\u0105 \u2013 mitinguos prie Seimo.<\/p>\n<p>Partijos lyderis Remigijus \u017demaitaitis sekmadien\u012f parei\u0161k\u0117, kad organizuojamas protestas prie Seimo prie\u0161 jo partij\u0105 vald\u017eioje yra bandymas daryti valstyb\u0117je perversm\u0105.<\/p>\n<p>Atsakydamas \u012f protest\u0105, R. \u017demaitaitis pakviet\u0117 \u0161alininkus ketvirtadien\u012f pavakare susitikti prie Lietuvos Auk\u0161\u010diausiosios Tarybos \u2013 Atkuriamojo Seimo pirmininko konservatoriaus Vytauto Landsbergio nam\u0173.<\/p>\n<p>Po \u0161io kvietimo prokurat\u016bra prane\u0161\u0117, kad teis\u0117sauga nagrin\u0117s \u201eNemuno au\u0161ros\u201c lyderio kvietim\u0105. Jis pats v\u0117liau kvietim\u0105 vadino pajuokavimu.<\/p>\n<p>Kritikos Lietuvoje ir u\u017esienyje socialdemokrat\u0173 sprendimas kviesti \u012f valdan\u010di\u0105j\u0105 daugum\u0105 \u201eau\u0161rie\u010dius\u201c sulauk\u0117 d\u0117l to, jog R. \u017demaitaitis yra teisiamas d\u0117l neapykantos kurstymo prie\u0161 \u017eydus.<\/p>\n<p>Konstitucinis Teismas d\u0117l vie\u0161\u0173 pasisakym\u0173 apie \u017eydus ir Izrael\u012f R. \u017demaitait\u012f yra pripa\u017ein\u0119s sulau\u017eius priesaik\u0105 ir \u0161iurk\u0161\u010diai pa\u017eeidus Konstitucij\u0105. Po \u0161io sprendimo R. \u017demaitaitis atsisak\u0117 Seimo nario mandato, kad ne\u012fvykt\u0173 apkaltos procesas ir jis v\u0117liau gal\u0117t\u0173 kandidatuoti \u012f prezidentus ir \u012f Seimo narius.<\/p>\n<p>Politikas kaltinimus antisemitizmu atmeta ir sako savo \u012fra\u0161uose socialiniuose tinkluose kritikav\u0119s Izrael\u012f, o ne rei\u0161k\u0119s neapykant\u0105 \u017eyd\u0173 tautai.<\/p>\n<div class=\"g g-43\">\n<div class=\"g-single a-213\"><\/div>\n<\/div>\n<\/div>\n<p><script>(function(d, s, id) {\nvar js, fjs = d.getElementsByTagName(s)(0);\nif (d.getElementById(id)) return;\njs = d.createElement(s); js.id = id;\njs.src = \"\/\/connect.facebook.net\/lt_LT\/sdk.js#xfbml=1&version=v2.10\";\nfjs.parentNode.insertBefore(js, fjs);\n}(document, 'script', 'facebook-jssdk'));<\/script><br \/>\n<br \/><br \/>\n<br \/><a href=\"https:\/\/miestonaujienos.lt\/d-grybauskaite-socialdemokratu-formuojama-koalicija-daro-nepataisoma-reputacine-zala\/\">Source link <\/a><\/p>\n","protected":false},"excerpt":{"rendered":"<p>Kadencij\u0105 baigusi prezident\u0117 Dalia Grybauskait\u0117 sako, kad i\u0161 socialdemokrat\u0173, demokrat\u0173 ir partijos \u201eNemuno au\u0161ra\u201c formuojama valdan\u010dioji koalicija daro nepataisom\u0105 reputacin\u0119 \u017eal\u0105. \u201eAr tikrai socialdemokratai sutinka [&hellip;]<\/p>\n","protected":false},"author":1,"featured_media":505,"comment_status":"","ping_status":"","sticky":false,"template":"","format":"standard","meta":{"om_disable_all_campaigns":false,"_monsterinsights_skip_tracking":false,"_monsterinsights_sitenote_active":false,"_monsterinsights_sitenote_note":"","_monsterinsights_sitenote_category":0,"footnotes":""},"categories":[39],"tags":[1556,1555,1554,25,1557,1558,21,1559],"class_list":["post-504","post","type-post","status-publish","format-standard","has-post-thumbnail","hentry","category-politika","tag-daro","tag-formuojama","tag-grybauskaite","tag-koalicija","tag-nepataisoma","tag-reputacine","tag-socialdemokratu","tag-zala"],"aioseo_notices":[],"_links":{"self":[{"href":"https:\/\/valstybeje.lt\/index.php?rest_route=\/wp\/v2\/posts\/504","targetHints":{"allow":["GET"]}}],"collection":[{"href":"https:\/\/valstybeje.lt\/index.php?rest_route=\/wp\/v2\/posts"}],"about":[{"href":"https:\/\/valstybeje.lt\/index.php?rest_route=\/wp\/v2\/types\/post"}],"author":[{"embeddable":true,"href":"https:\/\/valstybeje.lt\/index.php?rest_route=\/wp\/v2\/users\/1"}],"replies":[{"embeddable":true,"href":"https:\/\/valstybeje.lt\/index.php?rest_route=%2Fwp%2Fv2%2Fcomments&post=504"}],"version-history":[{"count":0,"href":"https:\/\/valstybeje.lt\/index.php?rest_route=\/wp\/v2\/posts\/504\/revisions"}],"wp:featuredmedia":[{"embeddable":true,"href":"https:\/\/valstybeje.lt\/index.php?rest_route=\/wp\/v2\/media\/505"}],"wp:attachment":[{"href":"https:\/\/valstybeje.lt\/index.php?rest_route=%2Fwp%2Fv2%2Fmedia&parent=504"}],"wp:term":[{"taxonomy":"category","embeddable":true,"href":"https:\/\/valstybeje.lt\/index.php?rest_route=%2Fwp%2Fv2%2Fcategories&post=504"},{"taxonomy":"post_tag","embeddable":true,"href":"https:\/\/valstybeje.lt\/index.php?rest_route=%2Fwp%2Fv2%2Ftags&post=504"}],"curies":[{"name":"wp","href":"https:\/\/api.w.org\/{rel}","templated":true}]}}