{"id":2237,"date":"2025-07-07T05:32:18","date_gmt":"2025-07-07T05:32:18","guid":{"rendered":"https:\/\/valstybeje.lt\/?p=2237"},"modified":"2025-07-07T05:32:18","modified_gmt":"2025-07-07T05:32:18","slug":"g-simkaus-interviu-naujienu-agenturai-reuters-anglu-k","status":"publish","type":"post","link":"https:\/\/valstybeje.lt\/?p=2237","title":{"rendered":"G. \u0160imkaus interviu naujien\u0173 agent\u016brai \u201eReuters\u201c (angl\u0173 k.)"},"content":{"rendered":"<p><\/p>\n<div>\n<div class=\"item_summary\">\n<p>Interviu su Gediminu \u0160imkumi, Lietuvos banko valdybos pirmininku, pareng\u0117 Francesco Canepa. Interviu paskelbtas 2025 m. bir\u017eelio \u00a030 d.<\/p>\n<\/p><\/div>\n<p>Europos centrinis bankas iki rugs\u0117jo gali netur\u0117ti visos jai reikalingos informacijos, \u012fskaitant prekybos perspektyv\u0105, tod\u0117l bet kokia pal\u016bkan\u0173 norma, suma\u017einta v\u0117liau \u0161iais metais, \u201eReuters\u201c pasakojo ECB politikos formuotojas Gediminas \u0160imkus.<\/p>\n<p>\u201eNe\u017einau, ar tur\u0117sime vis\u0105 mums reikaling\u0105 informacij\u0105 iki rugs\u0117jo m\u0117nesio, ta\u010diau a\u0161 lieku atviras kiekvienai galimybei\u201c, &#8211; sak\u0117 Simkus interviu \u201eECB\u201c forumo forume \u201eCentrin\u0117s bankininkyst\u0117s\u201c interviu Sintroje, Portugalijoje.<\/p>\n<p>&#8222;A\u0161 tikiu, kad \u017eingsnis, jei toks yra, labiau link\u0119s \u012f met\u0173 pabaig\u0105.&#8221;<\/p>\n<p>Vis\u0105 interviu skaitykite \u010dia.<\/p>\n<\/p><\/div>\n<p><script>\n    !function(f,b,e,v,n,t,s){if(f.fbq)return;n=f.fbq=function(){n.callMethod?\n            n.callMethod.apply(n,arguments):n.queue.push(arguments)};if(!f._fbq)f._fbq=n;\n            n.push=n;n.loaded=!0;n.version='2.0';n.queue=();t=b.createElement(e);t.async=!0;\n            t.src=v;s=b.getElementsByTagName(e)(0);s.parentNode.insertBefore(t,s)}(window,\n        document,'script','https:\/\/connect.facebook.net\/en_US\/fbevents.js');\n    fbq('init', '449445692451263'); \/\/ Insert your pixel ID here.\n    fbq('track', 'PageView');\n<\/script><a href=\"https:\/\/www.lb.lt\/lt\/naujienos\/g-simkaus-interviu-naujienu-agenturai-reuters-anglu-k\"> Nuoroda \u012f informacijos \u0161altin\u012f <\/a><\/p>\n","protected":false},"excerpt":{"rendered":"<p>Interviu su Gediminu \u0160imkumi, Lietuvos banko valdybos pirmininku, pareng\u0117 Francesco Canepa. Interviu paskelbtas 2025 m. bir\u017eelio \u00a030 d. Europos centrinis bankas iki rugs\u0117jo gali netur\u0117ti [&hellip;]<\/p>\n","protected":false},"author":1,"featured_media":2238,"comment_status":"","ping_status":"","sticky":false,"template":"","format":"standard","meta":{"om_disable_all_campaigns":false,"_monsterinsights_skip_tracking":false,"_monsterinsights_sitenote_active":false,"_monsterinsights_sitenote_note":"","_monsterinsights_sitenote_category":0,"footnotes":""},"categories":[574],"tags":[596,598,594,595,5040,593],"class_list":["post-2237","post","type-post","status-publish","format-standard","has-post-thumbnail","hentry","category-finansai","tag-agenturai","tag-anglu","tag-interviu","tag-naujienu","tag-reuters","tag-simkaus"],"aioseo_notices":[],"_links":{"self":[{"href":"https:\/\/valstybeje.lt\/index.php?rest_route=\/wp\/v2\/posts\/2237","targetHints":{"allow":["GET"]}}],"collection":[{"href":"https:\/\/valstybeje.lt\/index.php?rest_route=\/wp\/v2\/posts"}],"about":[{"href":"https:\/\/valstybeje.lt\/index.php?rest_route=\/wp\/v2\/types\/post"}],"author":[{"embeddable":true,"href":"https:\/\/valstybeje.lt\/index.php?rest_route=\/wp\/v2\/users\/1"}],"replies":[{"embeddable":true,"href":"https:\/\/valstybeje.lt\/index.php?rest_route=%2Fwp%2Fv2%2Fcomments&post=2237"}],"version-history":[{"count":0,"href":"https:\/\/valstybeje.lt\/index.php?rest_route=\/wp\/v2\/posts\/2237\/revisions"}],"wp:featuredmedia":[{"embeddable":true,"href":"https:\/\/valstybeje.lt\/index.php?rest_route=\/wp\/v2\/media\/2238"}],"wp:attachment":[{"href":"https:\/\/valstybeje.lt\/index.php?rest_route=%2Fwp%2Fv2%2Fmedia&parent=2237"}],"wp:term":[{"taxonomy":"category","embeddable":true,"href":"https:\/\/valstybeje.lt\/index.php?rest_route=%2Fwp%2Fv2%2Fcategories&post=2237"},{"taxonomy":"post_tag","embeddable":true,"href":"https:\/\/valstybeje.lt\/index.php?rest_route=%2Fwp%2Fv2%2Ftags&post=2237"}],"curies":[{"name":"wp","href":"https:\/\/api.w.org\/{rel}","templated":true}]}}