{"id":2032,"date":"2025-02-10T14:37:20","date_gmt":"2025-02-10T14:37:20","guid":{"rendered":"https:\/\/valstybeje.lt\/?p=2032"},"modified":"2025-02-10T14:37:20","modified_gmt":"2025-02-10T14:37:20","slug":"energetikos-ministras-susitiko-su-energetikos-ir-busto-eurokomisaru-d-jorgensenu","status":"publish","type":"post","link":"https:\/\/valstybeje.lt\/?p=2032","title":{"rendered":"Energetikos ministras susitiko su energetikos ir b\u016bsto eurokomisaru D. Jorgensenu"},"content":{"rendered":"<p> <br \/>\n<\/p>\n<p><\/p>\n<p>Vasario 10 d., energetikos ministras \u017dygimantas Vai\u010di\u016bnas susitiko su Europos Komisijos nariu, u\u017e energetik\u0105 ir b\u016bst\u0105 atsakingu komisaru Danu Jorgensenu. Susitikimo metu buvo aptarti strateginiai energetikos projektai, Europos Komisijos darbotvark\u0117 ir finansin\u0117s paramos galimyb\u0117s.<\/p>\n<blockquote>\n<p>\u201eAtsijungus nuo IPS\/UPS sistemos ir s\u0117kmingai atlikus izoliuoto darbo bandym\u0105, Baltijos \u0161ali\u0173 elektros energijos sistema visam laikui sinchronizavosi su kontinentin\u0117s Europos tinklu. Dabar m\u016bs\u0173 bendra atsakomyb\u0117 \u2013 u\u017etikrinti skland\u0173 ir s\u0117kming\u0105 \u0161ios sistemos darb\u0105 sinchroniniu re\u017eimu su kontinentine Europa. Kiti svarbiausi \u017eingsniai: efektyviai \u012fgyvendinti \u201eHarmony Link\u201c jungties projekt\u0105, u\u017etikrinti didesn\u0119 energetin\u0117s infrastrukt\u016bros apsaug\u0105 ir atsparum\u0105, saug\u0173 elektros energijos tiekim\u0105, pl\u0117sti Baltijos \u0161ali\u0173 elektros rink\u0173 integracij\u0105 bei sudaryti galimybes tolimesnei atsinaujinan\u010dios energetikos pl\u0117trai\u201c, \u2013 sak\u0117 energetikos ministras \u017dygimantas Vai\u010di\u016bnas.<\/p>\n<\/blockquote>\n<p>Energetin\u0117s infrastrukt\u016bros apsaugos klausimai i\u0161lieka prioritetiniais, intensyv\u0117jant hibridin\u0117ms gr\u0117sm\u0117ms ir tarpvalstybin\u0117s infrastrukt\u016bros pa\u017eeidimams regione. Lietuvos, Latvijos ir Estijos elektros perdavimo sistemos operatoriams pavesta parengti i\u0161sam\u0173 priemoni\u0173 paket\u0105, apimant\u012f b\u016btinas saugumo priemones energetikos infrastrukt\u016bros apsaugai u\u017etikrinti.<\/p>\n<p>Dar vienas svarbus ministro ir eurokomisaro aptartas klausimas \u2013\u00a0 Europos S\u0105jungos (ES) finansin\u0117 parama Ignalinos atomin\u0117s elektrin\u0117s u\u017edarymui, kadangi tai yra ne tik ES t\u0119stinis \u012fsipareigojimas, \u012ftvirtintas Lietuvos stojimo \u012f ES sutartyje, bet ir papildomos galimyb\u0117s ES branduolin\u0117s energetikos pramonei.<\/p>\n<p>Susitikimo metu aptarta tvirta Lietuvos nuostata, kad ES privalo imtis grie\u017et\u0173 priemoni\u0173 visi\u0161kai panaikinti rusi\u0161k\u0173 energetikos i\u0161tekli\u0173 import\u0105. \u201eM\u016bs\u0173 s\u0117km\u0117 kuriant SGD bei elektros infrastrukt\u016br\u0105 ir diversifikuojant tiekimo \u0161altinius rodo, kad energetin\u0117 nepriklausomyb\u0117 yra pasiekiama greitais ir ry\u017etingais politiniais sprendimais\u201c, \u2013 sak\u0117 ministras.<\/p>\n<p>Ministras taip pat pristat\u0117, kad po 2030 m. Lietuva gal\u0117t\u0173 tapti elektros energijos eksportuotoja, iki 2030 m. atsinaujinan\u010di\u0173 energijos i\u0161tekli\u0173 dalis elektros gamyboje padid\u0117s 2,5 karto, o iki 2040 m. \u2013 keturis kartus.<\/p>\n<p>\u0160ia publikacija dalinasi Lietuvos region\u0173 naujien\u0173 portalas \u201eMiesto naujienos\u201c. Daugiau sau ir savo miestui aktuali\u0173 naujien\u0173 rasite portale Miesto naujienos.<\/p>\n<p><br \/>\n<br \/><a href=\"https:\/\/miestonaujienos.lt\/energetikos-ministras-susitiko-su-energetikos-ir-busto-eurokomisaru-d-jorgensenu\/\">Source link <\/a><\/p>\n","protected":false},"excerpt":{"rendered":"<p>Vasario 10 d., energetikos ministras \u017dygimantas Vai\u010di\u016bnas susitiko su Europos Komisijos nariu, u\u017e energetik\u0105 ir b\u016bst\u0105 atsakingu komisaru Danu Jorgensenu. Susitikimo metu buvo aptarti strateginiai [&hellip;]<\/p>\n","protected":false},"author":1,"featured_media":2033,"comment_status":"","ping_status":"","sticky":false,"template":"","format":"standard","meta":{"om_disable_all_campaigns":false,"_monsterinsights_skip_tracking":false,"_monsterinsights_sitenote_active":false,"_monsterinsights_sitenote_note":"","_monsterinsights_sitenote_category":0,"footnotes":""},"categories":[39],"tags":[63,3204,4773,4774,2957,4507],"class_list":["post-2032","post","type-post","status-publish","format-standard","has-post-thumbnail","hentry","category-politika","tag-busto","tag-energetikos","tag-eurokomisaru","tag-jorgensenu","tag-ministras","tag-susitiko"],"aioseo_notices":[],"_links":{"self":[{"href":"https:\/\/valstybeje.lt\/index.php?rest_route=\/wp\/v2\/posts\/2032","targetHints":{"allow":["GET"]}}],"collection":[{"href":"https:\/\/valstybeje.lt\/index.php?rest_route=\/wp\/v2\/posts"}],"about":[{"href":"https:\/\/valstybeje.lt\/index.php?rest_route=\/wp\/v2\/types\/post"}],"author":[{"embeddable":true,"href":"https:\/\/valstybeje.lt\/index.php?rest_route=\/wp\/v2\/users\/1"}],"replies":[{"embeddable":true,"href":"https:\/\/valstybeje.lt\/index.php?rest_route=%2Fwp%2Fv2%2Fcomments&post=2032"}],"version-history":[{"count":0,"href":"https:\/\/valstybeje.lt\/index.php?rest_route=\/wp\/v2\/posts\/2032\/revisions"}],"wp:featuredmedia":[{"embeddable":true,"href":"https:\/\/valstybeje.lt\/index.php?rest_route=\/wp\/v2\/media\/2033"}],"wp:attachment":[{"href":"https:\/\/valstybeje.lt\/index.php?rest_route=%2Fwp%2Fv2%2Fmedia&parent=2032"}],"wp:term":[{"taxonomy":"category","embeddable":true,"href":"https:\/\/valstybeje.lt\/index.php?rest_route=%2Fwp%2Fv2%2Fcategories&post=2032"},{"taxonomy":"post_tag","embeddable":true,"href":"https:\/\/valstybeje.lt\/index.php?rest_route=%2Fwp%2Fv2%2Ftags&post=2032"}],"curies":[{"name":"wp","href":"https:\/\/api.w.org\/{rel}","templated":true}]}}